{"id":1253,"date":"2020-08-19T17:47:31","date_gmt":"2020-08-19T17:47:31","guid":{"rendered":"https:\/\/didepas.org\/?p=1253"},"modified":"2024-09-09T23:26:21","modified_gmt":"2024-09-09T23:26:21","slug":"chaine-de-solidarite-en-faveur-des-personnes-handicapees-les-plus-vulnerables-face-a-la-covid-19","status":"publish","type":"post","link":"https:\/\/didepas.org\/index.php\/chaine-de-solidarite-en-faveur-des-personnes-handicapees-les-plus-vulnerables-face-a-la-covid-19\/","title":{"rendered":"Cha\u00eene de Solidarit\u00e9 en faveur des Personnes Handicap\u00e9es, les Plus Vuln\u00e9rables face \u00e0 la COVID-19"},"content":{"rendered":"<h2><a href=\"https:\/\/afrique2050.com\/asx\/asx\/nos-emissions\/andicap-et-perspectives-de-developpement-inclusif\/)\" target=\"_blank\" rel=\"noopener noreferrer\">Cha\u00eene de Solidarit\u00e9 en faveur des Personnes Handicap\u00e9es, les Plus Vuln\u00e9rables face \u00e0 la COVID-19<\/a><\/h2>\n<p>L'initiative de DIDEPAS d\u00e9nomm\u00e9e \u00ab Cha\u00eene de solidarit\u00e9 en faveur des personnes handicap\u00e9es, les plus vuln\u00e9rables face \u00e0 la COVID-19 \u00bb qui interpelle toute la soci\u00e9t\u00e9, porte sur des actions de sensibilisation, de formation, d\u2019\u00e9ducation, de plaidoyer et de soutien aux personnes handicap\u00e9es et aux personnes les plus vuln\u00e9rables.<\/p>\n<p><img decoding=\"async\" class=\"alignright size-medium wp-image-1255\" src=\"https:\/\/didepas.org\/wp-content\/uploads\/2020\/08\/COVID-19-CHAINE-SOLIDARITE-300x157.jpg\" alt=\"\" width=\"300\" height=\"157\" srcset=\"https:\/\/didepas.org\/wp-content\/uploads\/2020\/08\/COVID-19-CHAINE-SOLIDARITE-200x105.jpg 200w, https:\/\/didepas.org\/wp-content\/uploads\/2020\/08\/COVID-19-CHAINE-SOLIDARITE-300x157.jpg 300w, https:\/\/didepas.org\/wp-content\/uploads\/2020\/08\/COVID-19-CHAINE-SOLIDARITE-400x210.jpg 400w, https:\/\/didepas.org\/wp-content\/uploads\/2020\/08\/COVID-19-CHAINE-SOLIDARITE.jpg 500w\" sizes=\"(max-width: 300px) 100vw, 300px\" \/>Les personnes handicap\u00e9es et autres groupes vuln\u00e9rables, qui constituent un segment de la population ivoirienne, sont trop souvent exclues, marginalis\u00e9es, isol\u00e9es, maltrait\u00e9es voire abandonn\u00e9es. En pr\u00e9sence de situations \u00e0 risque, de catastrophes et d\u2019urgences humanitaires, de conflits arm\u00e9s, de pand\u00e9mies comme le Coronavirus, la cat\u00e9gorie des personnes la plus vuln\u00e9rable est consciemment ou inconsciemment ignor\u00e9e, oubli\u00e9e. Ce sont les personnes handicap\u00e9es, les sans-abris, les enfants, les personnes \u00e2g\u00e9es, les enfants de la rue, les femmes en g\u00e9n\u00e9ral, les femmes enceintes, les familles monoparentales qui sont majoritairement des femmes, les r\u00e9fugi\u00e9s et immigr\u00e9s, les personnes vivant en zone rurale, les grands malades et autres malades chroniques.<\/p>\n<p>D\u00e8s l\u2019apparition de la pand\u00e9mie, DIDEPAS, en collaboration avec la communaut\u00e9 des personnes handicap\u00e9es, a pris les devants en alertant les d\u00e9cideurs au travers des m\u00e9canismes internationaux afin d\u2019\u00e9viter les erreurs du pass\u00e9. DIDEPAS a souhait\u00e9 que les personnes handicap\u00e9es et celles devenues plus fragiles du fait de la COVID-19 soient associ\u00e9es, int\u00e9gr\u00e9es \u00e0 l\u2019\u00e9laboration des plans de pr\u00e9vention, d\u2019intervention et de protection contre cette pand\u00e9mie.<\/p>\n<p>Le Coronavirus est une v\u00e9ritable maladie contagieuse touchant la plan\u00e8te enti\u00e8re. Elle est sournoise voire mortelle. Les m\u00e9decins comme les patients constatent que cette maladie se manifeste un peu comme le paludisme avec une forte fi\u00e8vre, des diarrh\u00e9es, de la toux, un rhume, et des complications pulmonaires. Le malade manque d\u2019\u00e9nergie, ce qui entra\u00eene une r\u00e9duction de la mobilit\u00e9, un manque d\u2019app\u00e9tit et une perte de poids. La communaut\u00e9 des personnes handicap\u00e9es, dont les conditions de vie sont a priori d\u00e9favorables, est confront\u00e9e \u00e0 un gros d\u00e9fi face aux mesures barri\u00e8res telles que respecter la distanciation, se laver les mains r\u00e9guli\u00e8rement, avoir acc\u00e8s aux services de sant\u00e9, se nourrir convenablement, et renforcer son organisme avec des vitamines.<\/p>\n<p>La Convention relative aux droits des personnes handicap\u00e9es (CDPH) stipule dans son Article 11 qu'en \u00ab situations de risque et situations d\u2019urgence humanitaire, les \u00c9tats Parties prennent, conform\u00e9ment aux obligations qui leur incombent en vertu du droit international, notamment le droit international humanitaire et le droit international des droits de l\u2019homme, toutes mesures n\u00e9cessaires pour assurer la protection et la s\u00e9curit\u00e9 des personnes handicap\u00e9es dans les situations de risque, y compris les conflits arm\u00e9s, les crises humanitaires et les catastrophes naturelles. \u00bb<\/p>\n<p>Notre objectif est de contribuer \u00e0 cr\u00e9er une soci\u00e9t\u00e9 inclusive en engageant tous ses acteurs sans discrimination. Nous appr\u00e9cierions vos commentaires pour nous aider \u00e0 am\u00e9liorer l'exp\u00e9rience. <a href=\"https:\/\/didepas.org\/index.php\/contact-us\/\">Merci de nous faire parvenir vos suggestions<\/a>.<\/p>\n","protected":false},"excerpt":{"rendered":"<p>Cha\u00eene de Solidarit\u00e9 en faveur des Personnes Handicap\u00e9es, les Plus [&hellip;]<\/p>\n","protected":false},"author":1,"featured_media":1254,"comment_status":"open","ping_status":"open","sticky":false,"template":"","format":"standard","meta":{"_seopress_robots_primary_cat":"none"},"categories":[16],"tags":[],"_links":{"self":[{"href":"https:\/\/didepas.org\/index.php\/wp-json\/wp\/v2\/posts\/1253"}],"collection":[{"href":"https:\/\/didepas.org\/index.php\/wp-json\/wp\/v2\/posts"}],"about":[{"href":"https:\/\/didepas.org\/index.php\/wp-json\/wp\/v2\/types\/post"}],"author":[{"embeddable":true,"href":"https:\/\/didepas.org\/index.php\/wp-json\/wp\/v2\/users\/1"}],"replies":[{"embeddable":true,"href":"https:\/\/didepas.org\/index.php\/wp-json\/wp\/v2\/comments?post=1253"}],"version-history":[{"count":3,"href":"https:\/\/didepas.org\/index.php\/wp-json\/wp\/v2\/posts\/1253\/revisions"}],"predecessor-version":[{"id":1767,"href":"https:\/\/didepas.org\/index.php\/wp-json\/wp\/v2\/posts\/1253\/revisions\/1767"}],"wp:featuredmedia":[{"embeddable":true,"href":"https:\/\/didepas.org\/index.php\/wp-json\/wp\/v2\/media\/1254"}],"wp:attachment":[{"href":"https:\/\/didepas.org\/index.php\/wp-json\/wp\/v2\/media?parent=1253"}],"wp:term":[{"taxonomy":"category","embeddable":true,"href":"https:\/\/didepas.org\/index.php\/wp-json\/wp\/v2\/categories?post=1253"},{"taxonomy":"post_tag","embeddable":true,"href":"https:\/\/didepas.org\/index.php\/wp-json\/wp\/v2\/tags?post=1253"}],"curies":[{"name":"wp","href":"https:\/\/api.w.org\/{rel}","templated":true}]}}